{"id":2284,"date":"2022-05-12T19:01:05","date_gmt":"2022-05-12T22:01:05","guid":{"rendered":"https:\/\/amebs.org.ar\/2020\/?p=2284"},"modified":"2026-03-06T13:28:54","modified_gmt":"2026-03-06T16:28:54","slug":"la-falda","status":"publish","type":"post","link":"https:\/\/amebs.org.ar\/2020\/la-falda\/","title":{"rendered":"La Falda"},"content":{"rendered":"\n<p><strong>Marzo 2026<\/strong><\/p>\n\n\n\n<p id=\"p-rc_bdd5192c3b58959b-53\"><strong>Estad\u00eda:<\/strong> 4 Noches<sup><\/sup>.<\/p>\n\n\n\n<p id=\"p-rc_bdd5192c3b58959b-54\"><strong>Alojamiento:<\/strong> Hotel Espa\u00f1a<sup><\/sup>.<\/p>\n\n\n\n<p id=\"p-rc_bdd5192c3b58959b-55\"><strong>Tarifas:<\/strong> $115.800 con Desayuno | $172.500 con Media Pensi\u00f3n<sup><\/sup>.<\/p>\n","protected":false},"excerpt":{"rendered":"<p>Marzo 2026 Estad\u00eda: 4 Noches. Alojamiento: Hotel Espa\u00f1a. Tarifas: $115.800 con Desayuno | $172.500 con Media Pensi\u00f3n.<\/p>\n","protected":false},"author":5,"featured_media":2285,"comment_status":"closed","ping_status":"closed","sticky":false,"template":"","format":"standard","meta":{"footnotes":""},"categories":[93],"tags":[],"_links":{"self":[{"href":"https:\/\/amebs.org.ar\/2020\/wp-json\/wp\/v2\/posts\/2284"}],"collection":[{"href":"https:\/\/amebs.org.ar\/2020\/wp-json\/wp\/v2\/posts"}],"about":[{"href":"https:\/\/amebs.org.ar\/2020\/wp-json\/wp\/v2\/types\/post"}],"author":[{"embeddable":true,"href":"https:\/\/amebs.org.ar\/2020\/wp-json\/wp\/v2\/users\/5"}],"replies":[{"embeddable":true,"href":"https:\/\/amebs.org.ar\/2020\/wp-json\/wp\/v2\/comments?post=2284"}],"version-history":[{"count":14,"href":"https:\/\/amebs.org.ar\/2020\/wp-json\/wp\/v2\/posts\/2284\/revisions"}],"predecessor-version":[{"id":4082,"href":"https:\/\/amebs.org.ar\/2020\/wp-json\/wp\/v2\/posts\/2284\/revisions\/4082"}],"wp:featuredmedia":[{"embeddable":true,"href":"https:\/\/amebs.org.ar\/2020\/wp-json\/wp\/v2\/media\/2285"}],"wp:attachment":[{"href":"https:\/\/amebs.org.ar\/2020\/wp-json\/wp\/v2\/media?parent=2284"}],"wp:term":[{"taxonomy":"category","embeddable":true,"href":"https:\/\/amebs.org.ar\/2020\/wp-json\/wp\/v2\/categories?post=2284"},{"taxonomy":"post_tag","embeddable":true,"href":"https:\/\/amebs.org.ar\/2020\/wp-json\/wp\/v2\/tags?post=2284"}],"curies":[{"name":"wp","href":"https:\/\/api.w.org\/{rel}","templated":true}]}}