{"id":2851,"date":"2022-11-11T12:12:38","date_gmt":"2022-11-11T15:12:38","guid":{"rendered":"https:\/\/amebs.org.ar\/2020\/?p=2851"},"modified":"2026-03-06T13:25:38","modified_gmt":"2026-03-06T16:25:38","slug":"villa-gesell","status":"publish","type":"post","link":"https:\/\/amebs.org.ar\/2020\/villa-gesell\/","title":{"rendered":"Villa Gesell"},"content":{"rendered":"\n<p><\/p>\n\n\n\n<p><strong>Marzo &#8211; 2026<\/strong><\/p>\n\n\n\n<p id=\"p-rc_bdd5192c3b58959b-39\"><strong>Estad\u00eda y R\u00e9gimen:<\/strong> 5 Noches con Media Pensi\u00f3n y vianda playera<sup><\/sup>.<\/p>\n\n\n\n<p id=\"p-rc_bdd5192c3b58959b-40\"><strong>Alojamiento:<\/strong> Posada de la Ballena<sup><\/sup>.<\/p>\n\n\n\n<p id=\"p-rc_bdd5192c3b58959b-41\"><strong>Tarifa:<\/strong> Habitaci\u00f3n Superior $440.000<sup><\/sup>.<\/p>\n","protected":false},"excerpt":{"rendered":"<p>Marzo &#8211; 2026 Estad\u00eda y R\u00e9gimen: 5 Noches con Media Pensi\u00f3n y vianda playera. Alojamiento: Posada de la Ballena. Tarifa: Habitaci\u00f3n Superior $440.000.<\/p>\n","protected":false},"author":5,"featured_media":2852,"comment_status":"closed","ping_status":"closed","sticky":false,"template":"","format":"standard","meta":{"footnotes":""},"categories":[93],"tags":[],"_links":{"self":[{"href":"https:\/\/amebs.org.ar\/2020\/wp-json\/wp\/v2\/posts\/2851"}],"collection":[{"href":"https:\/\/amebs.org.ar\/2020\/wp-json\/wp\/v2\/posts"}],"about":[{"href":"https:\/\/amebs.org.ar\/2020\/wp-json\/wp\/v2\/types\/post"}],"author":[{"embeddable":true,"href":"https:\/\/amebs.org.ar\/2020\/wp-json\/wp\/v2\/users\/5"}],"replies":[{"embeddable":true,"href":"https:\/\/amebs.org.ar\/2020\/wp-json\/wp\/v2\/comments?post=2851"}],"version-history":[{"count":10,"href":"https:\/\/amebs.org.ar\/2020\/wp-json\/wp\/v2\/posts\/2851\/revisions"}],"predecessor-version":[{"id":4079,"href":"https:\/\/amebs.org.ar\/2020\/wp-json\/wp\/v2\/posts\/2851\/revisions\/4079"}],"wp:featuredmedia":[{"embeddable":true,"href":"https:\/\/amebs.org.ar\/2020\/wp-json\/wp\/v2\/media\/2852"}],"wp:attachment":[{"href":"https:\/\/amebs.org.ar\/2020\/wp-json\/wp\/v2\/media?parent=2851"}],"wp:term":[{"taxonomy":"category","embeddable":true,"href":"https:\/\/amebs.org.ar\/2020\/wp-json\/wp\/v2\/categories?post=2851"},{"taxonomy":"post_tag","embeddable":true,"href":"https:\/\/amebs.org.ar\/2020\/wp-json\/wp\/v2\/tags?post=2851"}],"curies":[{"name":"wp","href":"https:\/\/api.w.org\/{rel}","templated":true}]}}